{"id":450,"date":"2026-02-17T23:08:32","date_gmt":"2026-02-17T23:08:32","guid":{"rendered":"https:\/\/numguentu.com.br\/site\/?p=450"},"modified":"2026-02-17T23:08:32","modified_gmt":"2026-02-17T23:08:32","slug":"esclarecimento-por-que-o-numguentu-nao-foi-para-a-avenida","status":"publish","type":"post","link":"https:\/\/numguentu.com.br\/site\/2026\/02\/17\/esclarecimento-por-que-o-numguentu-nao-foi-para-a-avenida\/","title":{"rendered":"ESCLARECIMENTO: Por que o Numguentu n\u00e3o foi para a Avenida."},"content":{"rendered":"<p style=\"text-align: left;\"><em>Documentos comprovam: alertamos sobre a falta de estrutura h\u00e1 quase um ano. Confira a linha do tempo e os of\u00edcios ignorados pela gest\u00e3o municipal.<\/em><\/p>\n<p style=\"text-align: left;\">\n<p style=\"text-align: left;\">Passado o Carnaval de 2026, a Associa\u00e7\u00e3o Cultural e Esportiva Numguentu, agora certificada como Ponto de Cultura pelo Governo Federal, vem a p\u00fablico esclarecer \u00e0 popula\u00e7\u00e3o isabelense os motivos t\u00e9cnicos e de seguran\u00e7a que impediram nossa participa\u00e7\u00e3o no desfile deste ano.<\/p>\n<p style=\"text-align: left;\">Quem foi \u00e0 Avenida nos \u00faltimos dias p\u00f4de constatar a realidade que tentamos evitar: falta de ilumina\u00e7\u00e3o adequada para um desfile noturno, aus\u00eancia de decora\u00e7\u00e3o, inexist\u00eancia de banheiros qu\u00edmicos na \u00e1rea de concentra\u00e7\u00e3o dos blocos e Pra\u00e7a da Bandeira e a utiliza\u00e7\u00e3o de um caminh\u00e3o de propaganda adaptado no lugar de um Trio El\u00e9trico com qualidade sonora m\u00ednima.<\/p>\n<p style=\"text-align: left;\">Mas esta nota n\u00e3o \u00e9 apenas sobre o que deu errado. \u00c9 sobre o que tentamos fazer para dar certo.<\/p>\n<p style=\"text-align: left;\"><strong>N\u00e3o foi por falta de aviso!<\/strong><\/p>\n<p style=\"text-align: left;\">Desde o encerramento do Carnaval de 2025, o Numguentu iniciou uma articula\u00e7\u00e3o com os demais blocos para profissionalizar a festa. Diferente do que possa parecer, nossa decis\u00e3o n\u00e3o foi de \u00faltima hora. Foi o resultado de quase um ano de tentativas de di\u00e1logo t\u00e9cnico frustradas.<\/p>\n<p style=\"text-align: left;\">Abaixo, apresentamos a Linha do Tempo com os documentos que comprovam nossa atua\u00e7\u00e3o:<\/p>\n<p style=\"text-align: left;\">\n<p style=\"text-align: left;\"><strong>1. O Pedido Inicial (Mar\u00e7o de 2025)<\/strong><\/p>\n<p style=\"text-align: left;\">Logo ap\u00f3s o carnaval passado, protocolamos na Prefeitura e na C\u00e2mara Municipal o pedido para a cria\u00e7\u00e3o de uma comiss\u00e3o que planejasse o evento com anteced\u00eancia, evitando o improviso.<\/p>\n<div id=\"attachment_453\" style=\"width: 310px\" class=\"wp-caption aligncenter\"><a href=\"https:\/\/numguentu.com.br\/site\/wp-content\/uploads\/2026\/02\/RESPOSTA-protocolo-manifesto-prefeitura-cultura.png\"><img loading=\"lazy\" decoding=\"async\" aria-describedby=\"caption-attachment-453\" class=\"wp-image-453 size-medium\" src=\"https:\/\/numguentu.com.br\/site\/wp-content\/uploads\/2026\/02\/RESPOSTA-protocolo-manifesto-prefeitura-cultura-300x190.png\" alt=\"\" width=\"300\" height=\"190\" srcset=\"https:\/\/numguentu.com.br\/site\/wp-content\/uploads\/2026\/02\/RESPOSTA-protocolo-manifesto-prefeitura-cultura-300x190.png 300w, https:\/\/numguentu.com.br\/site\/wp-content\/uploads\/2026\/02\/RESPOSTA-protocolo-manifesto-prefeitura-cultura-1024x647.png 1024w, https:\/\/numguentu.com.br\/site\/wp-content\/uploads\/2026\/02\/RESPOSTA-protocolo-manifesto-prefeitura-cultura-768x486.png 768w, https:\/\/numguentu.com.br\/site\/wp-content\/uploads\/2026\/02\/RESPOSTA-protocolo-manifesto-prefeitura-cultura.png 1142w\" sizes=\"auto, (max-width: 300px) 100vw, 300px\" \/><\/a><p id=\"caption-attachment-453\" class=\"wp-caption-text\">Protocolo na Prefeitura atrav\u00e9s da Ouvidoria<\/p><\/div>\n<p style=\"text-align: left;\">\n<div id=\"attachment_452\" style=\"width: 310px\" class=\"wp-caption aligncenter\"><a href=\"https:\/\/numguentu.com.br\/site\/wp-content\/uploads\/2026\/02\/protocolo-manifesto-camara-municipal-1.png\"><img loading=\"lazy\" decoding=\"async\" aria-describedby=\"caption-attachment-452\" class=\"size-medium wp-image-452\" src=\"https:\/\/numguentu.com.br\/site\/wp-content\/uploads\/2026\/02\/protocolo-manifesto-camara-municipal-1-300x153.png\" alt=\"\" width=\"300\" height=\"153\" srcset=\"https:\/\/numguentu.com.br\/site\/wp-content\/uploads\/2026\/02\/protocolo-manifesto-camara-municipal-1-300x153.png 300w, https:\/\/numguentu.com.br\/site\/wp-content\/uploads\/2026\/02\/protocolo-manifesto-camara-municipal-1-1024x524.png 1024w, https:\/\/numguentu.com.br\/site\/wp-content\/uploads\/2026\/02\/protocolo-manifesto-camara-municipal-1-768x393.png 768w, https:\/\/numguentu.com.br\/site\/wp-content\/uploads\/2026\/02\/protocolo-manifesto-camara-municipal-1.png 1246w\" sizes=\"auto, (max-width: 300px) 100vw, 300px\" \/><\/a><p id=\"caption-attachment-452\" class=\"wp-caption-text\">Protocolo na C\u00e2mara municipal<\/p><\/div>\n<p>&nbsp;<\/p>\n<p><a href=\"https:\/\/numguentu.com.br\/site\/wp-content\/uploads\/2026\/02\/Carnaval-ok-assinado.pdf\">ACESSE AQUI A C\u00d3PIA DO OF\u00cdCIO ASSINADO POR TODOS BLOCOS<\/a><\/p>\n<p style=\"text-align: left;\"><strong>2. A Promessa P\u00fablica<\/strong><\/p>\n<p style=\"text-align: left;\">A Secretaria de Cultura divulgou em suas redes sociais a inten\u00e7\u00e3o de &#8220;reformular o carnaval promovendo um evento mais organizado&#8221;. A popula\u00e7\u00e3o criou expectativas, e n\u00f3s tamb\u00e9m.\u00a0<a href=\"https:\/\/numguentu.com.br\/site\/wp-content\/uploads\/2026\/02\/SEC-CULTURA-INSTAAGRAM-21AGO2025-1.jpg\"><img loading=\"lazy\" decoding=\"async\" class=\"aligncenter size-medium wp-image-457\" src=\"https:\/\/numguentu.com.br\/site\/wp-content\/uploads\/2026\/02\/SEC-CULTURA-INSTAAGRAM-21AGO2025-1-300x180.jpg\" alt=\"\" width=\"300\" height=\"180\" srcset=\"https:\/\/numguentu.com.br\/site\/wp-content\/uploads\/2026\/02\/SEC-CULTURA-INSTAAGRAM-21AGO2025-1-300x180.jpg 300w, https:\/\/numguentu.com.br\/site\/wp-content\/uploads\/2026\/02\/SEC-CULTURA-INSTAAGRAM-21AGO2025-1-1024x614.jpg 1024w, https:\/\/numguentu.com.br\/site\/wp-content\/uploads\/2026\/02\/SEC-CULTURA-INSTAAGRAM-21AGO2025-1-768x460.jpg 768w, https:\/\/numguentu.com.br\/site\/wp-content\/uploads\/2026\/02\/SEC-CULTURA-INSTAAGRAM-21AGO2025-1.jpg 1218w\" sizes=\"auto, (max-width: 300px) 100vw, 300px\" \/><\/a><\/p>\n<p style=\"text-align: left;\">\n<p style=\"text-align: left;\"><strong>3. A Cria\u00e7\u00e3o Tardia da Comiss\u00e3o (Outubro de 2025<\/strong><\/p>\n<p style=\"text-align: left;\">Apesar do nosso pedido em mar\u00e7o, a Comiss\u00e3o Organizadora s\u00f3 foi institu\u00edda oficialmente sete meses depois, atrav\u00e9s do Decreto n\u00ba 7.512, de 31 de outubro de 2025. J\u00e1 est\u00e1vamos com o prazo apertado, mas seguimos trabalhando.<\/p>\n<p style=\"text-align: left;\"><a href=\"https:\/\/leismunicipais.com.br\/a\/sp\/s\/santa-isabel\/decreto\/2025\/752\/7512\/decreto-n-7512-2025-institui-a-comissao-organizadora-do-carnaval-2026-e-da-outras-providencias?q=7512\">ACESSE AQUI O DECRETO QUE CRIOU A COMISS\u00c3O COM REPRESENTANTES DE TODOS BLOCOS\u00a0<\/a><\/p>\n<p style=\"text-align: left;\"><strong>4. O Projeto T\u00e9cnico (Novembro de 2025)<\/strong><\/p>\n<p style=\"text-align: left;\">Em novembro, entregamos via of\u00edcio um levantamento das necessidades b\u00e1sicas para um desfile seguro e profissional: som de qualidade (trio el\u00e9trico real, n\u00e3o caminh\u00e3o de propaganda), banheiros na concentra\u00e7\u00e3o e dispers\u00e3o, ilumina\u00e7\u00e3o na avenida e seguran\u00e7a estrutural.<\/p>\n<p style=\"text-align: left;\"><a href=\"https:\/\/numguentu.com.br\/site\/wp-content\/uploads\/2026\/02\/Propostas-para-o-Carnaval-2026-1.pdf\">ACESSE AQUI A \u00cdNTEGRA DO OF\u00cdCIO COL AS SOLICITA\u00c7\u00d5ES E SUGEST\u00d5ES PARA MODERNIZAR O CARNAVAL DE SANTA ISABEL\u00a0<\/a><\/p>\n<p style=\"text-align: left;\"><strong>5. A Negativa (Janeiro de 2026)<\/strong><\/p>\n<p style=\"text-align: left;\">Em janeiro, ap\u00f3s diversas cobran\u00e7as, recebemos a resposta definitiva: nenhuma solicita\u00e7\u00e3o t\u00e9cnica seria atendida. A gest\u00e3o informou que o evento seguiria exatamente os mesmos moldes prec\u00e1rios do ano anterior e que ficava a crit\u00e9rio dos blocos querer participar ou n\u00e3o.<\/p>\n<p style=\"text-align: left;\">Diante dos fatos e documentos acima, a diretoria do Numguentu tomou a \u00fanica decis\u00e3o respons\u00e1vel poss\u00edvel: n\u00e3o participar.<\/p>\n<p style=\"text-align: left;\">A Prefeitura divulga o evento como &#8220;Carnaval da Fam\u00edlia&#8221;, mas a estrutura oferecida contradiz esse slogan. Quando falamos em seguran\u00e7a, n\u00e3o nos referimos apenas ao policiamento (que cumpre seu papel com excel\u00eancia) mas \u00e0 seguran\u00e7a estrutural: instala\u00e7\u00f5es adequadas, som que n\u00e3o falhe ou agrida a audi\u00e7\u00e3o, e estrutura de banheiros e higiene para as crian\u00e7as e idosos que v\u00e3o assistir ou desfilar.<\/p>\n<p style=\"text-align: left;\"><strong>O Numguentu decidiu n\u00e3o compactuar com a precariedade.<\/strong> Como Ponto de Cultura, temos responsabilidade t\u00e9cnica e social. N\u00e3o poder\u00edamos expor nossa comunidade, nossos ritmistas e o p\u00fablico a um evento improvisado.<\/p>\n<p style=\"text-align: left;\"><span style=\"color: #800000;\"><strong>Nosso sil\u00eancio na Avenida em 2026 foi um grito de exig\u00eancia por respeito. Santa Isabel merece um Carnaval organizado, seguro e com estrutura digna de sua popula\u00e7\u00e3o.<\/strong><\/span><\/p>\n<p style=\"text-align: left;\">Seguimos trabalhando o ano todo, com seriedade, cultura e esporte.<\/p>\n<p style=\"text-align: left;\"><strong>Associa\u00e7\u00e3o Cultural e Esportiva Numguentu<\/strong><\/p>\n<p style=\"text-align: left;\"><strong>Ponto de Cultura &#8211; Rede Cultura Viva<\/strong><\/p>\n","protected":false},"excerpt":{"rendered":"<p>Documentos comprovam: alertamos sobre a falta de estrutura h\u00e1 quase um ano. Confira a linha do tempo e os of\u00edcios ignorados pela gest\u00e3o municipal. Passado o Carnaval de 2026, a Associa\u00e7\u00e3o Cultural e Esportiva Numguentu, agora certificada como Ponto de Cultura pelo Governo Federal, vem a p\u00fablico esclarecer \u00e0 popula\u00e7\u00e3o isabelense os motivos t\u00e9cnicos e&hellip; <br \/> <a class=\"button small blue\" href=\"https:\/\/numguentu.com.br\/site\/2026\/02\/17\/esclarecimento-por-que-o-numguentu-nao-foi-para-a-avenida\/\">Leia mais<\/a><\/p>\n","protected":false},"author":1,"featured_media":456,"comment_status":"closed","ping_status":"open","sticky":false,"template":"","format":"standard","meta":{"footnotes":""},"categories":[1],"tags":[],"class_list":["post-450","post","type-post","status-publish","format-standard","has-post-thumbnail","hentry","category-uncategorized"],"_links":{"self":[{"href":"https:\/\/numguentu.com.br\/site\/wp-json\/wp\/v2\/posts\/450","targetHints":{"allow":["GET"]}}],"collection":[{"href":"https:\/\/numguentu.com.br\/site\/wp-json\/wp\/v2\/posts"}],"about":[{"href":"https:\/\/numguentu.com.br\/site\/wp-json\/wp\/v2\/types\/post"}],"author":[{"embeddable":true,"href":"https:\/\/numguentu.com.br\/site\/wp-json\/wp\/v2\/users\/1"}],"replies":[{"embeddable":true,"href":"https:\/\/numguentu.com.br\/site\/wp-json\/wp\/v2\/comments?post=450"}],"version-history":[{"count":1,"href":"https:\/\/numguentu.com.br\/site\/wp-json\/wp\/v2\/posts\/450\/revisions"}],"predecessor-version":[{"id":458,"href":"https:\/\/numguentu.com.br\/site\/wp-json\/wp\/v2\/posts\/450\/revisions\/458"}],"wp:featuredmedia":[{"embeddable":true,"href":"https:\/\/numguentu.com.br\/site\/wp-json\/wp\/v2\/media\/456"}],"wp:attachment":[{"href":"https:\/\/numguentu.com.br\/site\/wp-json\/wp\/v2\/media?parent=450"}],"wp:term":[{"taxonomy":"category","embeddable":true,"href":"https:\/\/numguentu.com.br\/site\/wp-json\/wp\/v2\/categories?post=450"},{"taxonomy":"post_tag","embeddable":true,"href":"https:\/\/numguentu.com.br\/site\/wp-json\/wp\/v2\/tags?post=450"}],"curies":[{"name":"wp","href":"https:\/\/api.w.org\/{rel}","templated":true}]}}