{"id":413,"date":"2025-10-28T20:20:49","date_gmt":"2025-10-28T20:20:49","guid":{"rendered":"https:\/\/numguentu.com.br\/site\/?p=413"},"modified":"2025-10-29T15:03:09","modified_gmt":"2025-10-29T15:03:09","slug":"5a-festa-das-criancas-um-sucesso-de-impacto-e-solidariedade","status":"publish","type":"post","link":"https:\/\/numguentu.com.br\/site\/2025\/10\/28\/5a-festa-das-criancas-um-sucesso-de-impacto-e-solidariedade\/","title":{"rendered":"5\u00ba FESTA DAS CRIAN\u00c7AS: UM SUCESSO DE IMPACTO SOCIAL E SOLIDARIEDADE"},"content":{"rendered":"<p style=\"text-align: justify;\">A Associa\u00e7\u00e3o Cultural e Esportiva Numguentu celebra, com imensa gratid\u00e3o, o resultado grandioso da 5\u00aa Festa das Crian\u00e7as 2025. O evento, que marcou os 17 anos da nossa funda\u00e7\u00e3o, superou todas as expectativas de p\u00fablico e arrecada\u00e7\u00e3o, consolidando-se como a maior festa <strong>100% gratuita<\/strong> do munic\u00edpio.<\/p>\n<p style=\"text-align: justify;\">Mais do que apenas um dia de lazer, a festa refor\u00e7ou o compromisso do Numguentu com a comunidade, demonstrando que o trabalho coletivo, a transpar\u00eancia e a solidariedade s\u00e3o os pilares para transformar vidas e promover o bem-estar social.<\/p>\n<h5 style=\"text-align: justify;\"><span style=\"color: #800000;\"><strong>Nossos N\u00fameros: A Dimens\u00e3o do Sucesso<\/strong><\/span><\/h5>\n<p style=\"text-align: justify;\">Abaixo, destacamos a dimens\u00e3o do evento, que s\u00f3 foi poss\u00edvel gra\u00e7as \u00e0 generosidade de mais de 100 doadores, parceiros e \u00e0 dedica\u00e7\u00e3o dos nossos volunt\u00e1rios.<\/p>\n<p style=\"text-align: justify;\"><img loading=\"lazy\" decoding=\"async\" class=\"alignleft size-medium wp-image-419\" src=\"https:\/\/numguentu.com.br\/site\/wp-content\/uploads\/2025\/10\/Copia-de-DSC01553-200x300.jpg\" alt=\"\" width=\"200\" height=\"300\" srcset=\"https:\/\/numguentu.com.br\/site\/wp-content\/uploads\/2025\/10\/Copia-de-DSC01553-200x300.jpg 200w, https:\/\/numguentu.com.br\/site\/wp-content\/uploads\/2025\/10\/Copia-de-DSC01553-683x1024.jpg 683w, https:\/\/numguentu.com.br\/site\/wp-content\/uploads\/2025\/10\/Copia-de-DSC01553-768x1152.jpg 768w, https:\/\/numguentu.com.br\/site\/wp-content\/uploads\/2025\/10\/Copia-de-DSC01553-1024x1536.jpg 1024w, https:\/\/numguentu.com.br\/site\/wp-content\/uploads\/2025\/10\/Copia-de-DSC01553-1366x2048.jpg 1366w, https:\/\/numguentu.com.br\/site\/wp-content\/uploads\/2025\/10\/Copia-de-DSC01553-720x1080.jpg 720w, https:\/\/numguentu.com.br\/site\/wp-content\/uploads\/2025\/10\/Copia-de-DSC01553.jpg 1495w\" sizes=\"auto, (max-width: 200px) 100vw, 200px\" \/>O impacto da 5\u00aa Festa das Crian\u00e7as em n\u00fameros \u00e9 impressionante: <strong>2500 Pessoas no total<\/strong>, incluindo mais de <strong>1500 Crian\u00e7as presentes<\/strong>. Para atender a esse p\u00fablico, foram distribu\u00eddos 3000 P\u00e3es e 3000 Picol\u00e9s; preparados 80kg de Salsicha e 20kg de Molho; e servidos mais de 500 litros de refrigerante. A organiza\u00e7\u00e3o contou com mais de 50 pessoas envolvidas diretamente para garantir mais de 25 atividades e brinquedos (<strong>100% Gratuito<\/strong>), 1400 Saquinhos Surpresa e mais de 60 cortes de cabelo. Al\u00e9m disso, mais de 400 pessoas utilizaram o Trenzinho, a atra\u00e7\u00e3o de transporte mais querida.<\/p>\n<p style=\"text-align: justify;\">Estes n\u00fameros refletem o empenho de toda uma rede que acredita no potencial da cultura e do esporte como ferramentas de inclus\u00e3o social.<\/p>\n<h5 style=\"text-align: justify;\"><span style=\"color: #800000;\"><strong>Arrecada\u00e7\u00e3o Recorde de Alimentos: Solidariedade que Alimenta<\/strong><\/span><\/h5>\n<p style=\"text-align: justify;\">A entrada solid\u00e1ria, que pedia 1kg de alimento n\u00e3o perec\u00edvel, resultou em uma campanha de arrecada\u00e7\u00e3o <img loading=\"lazy\" decoding=\"async\" class=\"alignright wp-image-418 size-medium\" src=\"https:\/\/numguentu.com.br\/site\/wp-content\/uploads\/2025\/10\/alimentos-4-e1761683305463-226x300.jpg\" alt=\"\" width=\"226\" height=\"300\" srcset=\"https:\/\/numguentu.com.br\/site\/wp-content\/uploads\/2025\/10\/alimentos-4-e1761683305463-226x300.jpg 226w, https:\/\/numguentu.com.br\/site\/wp-content\/uploads\/2025\/10\/alimentos-4-e1761683305463-773x1024.jpg 773w, https:\/\/numguentu.com.br\/site\/wp-content\/uploads\/2025\/10\/alimentos-4-e1761683305463-768x1017.jpg 768w, https:\/\/numguentu.com.br\/site\/wp-content\/uploads\/2025\/10\/alimentos-4-e1761683305463-1160x1536.jpg 1160w, https:\/\/numguentu.com.br\/site\/wp-content\/uploads\/2025\/10\/alimentos-4-e1761683305463-1024x1356.jpg 1024w, https:\/\/numguentu.com.br\/site\/wp-content\/uploads\/2025\/10\/alimentos-4-e1761683305463-815x1080.jpg 815w, https:\/\/numguentu.com.br\/site\/wp-content\/uploads\/2025\/10\/alimentos-4-e1761683305463.jpg 1300w\" sizes=\"auto, (max-width: 226px) 100vw, 226px\" \/>hist\u00f3rica.<\/p>\n<p style=\"text-align: justify;\">Com a colabora\u00e7\u00e3o de todos os participantes, <strong>829 kilos de alimentos<\/strong> foram arrecadados e, imediatamente ap\u00f3s a festa, integralmente doada ao Fundo Social de Solidariedade de Santa Isabel. Esta doa\u00e7\u00e3o beneficiar\u00e1 centenas de fam\u00edlias isabelenses em situa\u00e7\u00e3o de vulnerabilidade, reafirmando que o impacto da nossa festa se estende para muito al\u00e9m do dia 25 de outubro.<\/p>\n<h5 style=\"text-align: justify;\"><span style=\"color: #800000;\"><strong>Doa\u00e7\u00e3o P\u00f3s-Festa: Compromisso com o Bem Comum<\/strong><\/span><\/h5>\n<p style=\"text-align: justify;\">Demonstrando nosso compromisso inabal\u00e1vel com o bem-estar da comunidade e, principalmente, das crian\u00e7as, o Numguentu realizou doa\u00e7\u00f5es estrat\u00e9gicas dos excedentes do evento:<\/p>\n<ul style=\"text-align: justify;\">\n<li><strong>Lanif\u00edcio:<\/strong> Refrigerantes e saquinhos surpresa remanescentes foram destinados \u00e0 festa das crian\u00e7as realizada pelo Lanif\u00edcio no dia seguinte ao nosso evento. Essa a\u00e7\u00e3o refor\u00e7a nossa cren\u00e7a de que, apesar de quaisquer diverg\u00eancias que possam existir, o bem comum e o foco nas crian\u00e7as sempre estar\u00e3o em primeiro lugar.<\/li>\n<li><strong>Gibiteca Municipal:<\/strong> Outra parte dos saquinhos surpresa foi doada \u00e0 Gibiteca Municipal, onde ser\u00e3o utilizados para presentear as crian\u00e7as durante as visitas da &#8220;Semana Maur\u00edcio de Sousa&#8221;, enriquecendo as atividades culturais promovidas pela cidade.<\/li>\n<\/ul>\n<h5 style=\"text-align: justify;\"><span style=\"color: #800000;\"><strong>Qualidade dos Alimentos Ofertados: A Sa\u00fade em Primeiro Lugar<\/strong><\/span><\/h5>\n<p style=\"text-align: justify;\">Um diferencial da nossa organiza\u00e7\u00e3o \u00e9 o rigor com a qualidade. Nossa equipe contou com a avalia\u00e7\u00e3o de nutricionistas e especialistas em alimenta\u00e7\u00e3o que atuaram na fiscaliza\u00e7\u00e3o e aprova\u00e7\u00e3o de todas as doa\u00e7\u00f5es recebidas.<\/p>\n<p style=\"text-align: justify;\">Esse cuidado garantiu que apenas produtos com marcas reconhecidas, validades adequadas e excelente condi\u00e7\u00e3o de armazenamento fossem ofertados ao p\u00fablico. Doa\u00e7\u00f5es que n\u00e3o atendiam ao nosso padr\u00e3o de qualidade foram recusadas ou repassadas a outras entidades que manifestaram interesse em receb\u00ea-las, mantendo nosso compromisso com a sa\u00fade e a seguran\u00e7a de todos os presentes.<\/p>\n<h5 style=\"text-align: justify;\"><span style=\"color: #800000;\"><strong>Limpeza e Zelo pelo Espa\u00e7o P\u00fablico<\/strong><\/span><\/h5>\n<p style=\"text-align: justify;\">T\u00e3o importante quanto a realiza\u00e7\u00e3o da festa \u00e9 o respeito pelo espa\u00e7o que a comunidade utiliza diariamente. Por isso, ap\u00f3s o encerramento do evento, uma equipe de limpeza contratada pelo Numguentu realizou a faxina completa da quadra e dos arredores. O objetivo foi garantir que o espa\u00e7o estivesse em plenas condi\u00e7\u00f5es de uso para o in\u00edcio das aulas na semana seguinte.<\/p>\n<p style=\"text-align: justify;\">O Numguentu cumpre seu compromisso de promover grandes eventos e, ao mesmo tempo, ser um agente de zeladoria e cuidado com o patrim\u00f4nio p\u00fablico.<\/p>\n<h4 style=\"text-align: justify;\"><span style=\"color: #800000;\"><strong>Agradecimentos<\/strong><\/span><\/h4>\n<p style=\"text-align: justify;\">Nosso muito obrigado a <strong>TODOS<\/strong> os apoiadores, parceiros, prestadores de servi\u00e7o e, em especial, \u00e0 <strong>FAM\u00cdLIA NUMGUENTU<\/strong>, que trabalhou incansavelmente antes, durante e depois da festa. Voc\u00eas s\u00e3o a prova de que a uni\u00e3o transforma.<\/p>\n<p style=\"text-align: justify;\">As fotos oficiais da Festa das Crian\u00e7as j\u00e1 est\u00e3o dispon\u00edveis! <span style=\"color: #800000;\"><strong><a style=\"color: #800000;\" href=\"https:\/\/linktr.ee\/NumGuentuoficial\" target=\"_blank\" rel=\"noopener\">Clique aqui<\/a><\/strong><\/span> e reviva essa alegria. Poste suas fotos e marque o <a href=\"https:\/\/www.instagram.com\/numguentuoficial\/\" target=\"_blank\" rel=\"noopener\">@numguentuoficial<\/a> no Instagram.<\/p>\n<p style=\"text-align: justify;\"><strong>Cr\u00e9ditos das Fotos:<\/strong> Tafarel Ramos \/ Ana Beatriz<\/p>\n<p style=\"text-align: justify;\">Fiquem ligados nas nossas redes, pois o pr\u00f3ximo passo \u00e9 o <strong>CARNAVAL<\/strong>!<\/p>\n<p>Vem com o Bloco do Numguentu para a Avenida!<\/p>\n","protected":false},"excerpt":{"rendered":"<p>A Associa\u00e7\u00e3o Cultural e Esportiva Numguentu celebra, com imensa gratid\u00e3o, o resultado grandioso da 5\u00aa Festa das Crian\u00e7as 2025. O evento, que marcou os 17 anos da nossa funda\u00e7\u00e3o, superou todas as expectativas de p\u00fablico e arrecada\u00e7\u00e3o, consolidando-se como a maior festa 100% gratuita do munic\u00edpio. Mais do que apenas um dia de lazer, a&hellip; <br \/> <a class=\"button small blue\" href=\"https:\/\/numguentu.com.br\/site\/2025\/10\/28\/5a-festa-das-criancas-um-sucesso-de-impacto-e-solidariedade\/\">Leia mais<\/a><\/p>\n","protected":false},"author":1,"featured_media":420,"comment_status":"closed","ping_status":"open","sticky":false,"template":"","format":"standard","meta":{"footnotes":""},"categories":[1],"tags":[],"class_list":["post-413","post","type-post","status-publish","format-standard","has-post-thumbnail","hentry","category-uncategorized"],"_links":{"self":[{"href":"https:\/\/numguentu.com.br\/site\/wp-json\/wp\/v2\/posts\/413","targetHints":{"allow":["GET"]}}],"collection":[{"href":"https:\/\/numguentu.com.br\/site\/wp-json\/wp\/v2\/posts"}],"about":[{"href":"https:\/\/numguentu.com.br\/site\/wp-json\/wp\/v2\/types\/post"}],"author":[{"embeddable":true,"href":"https:\/\/numguentu.com.br\/site\/wp-json\/wp\/v2\/users\/1"}],"replies":[{"embeddable":true,"href":"https:\/\/numguentu.com.br\/site\/wp-json\/wp\/v2\/comments?post=413"}],"version-history":[{"count":5,"href":"https:\/\/numguentu.com.br\/site\/wp-json\/wp\/v2\/posts\/413\/revisions"}],"predecessor-version":[{"id":428,"href":"https:\/\/numguentu.com.br\/site\/wp-json\/wp\/v2\/posts\/413\/revisions\/428"}],"wp:featuredmedia":[{"embeddable":true,"href":"https:\/\/numguentu.com.br\/site\/wp-json\/wp\/v2\/media\/420"}],"wp:attachment":[{"href":"https:\/\/numguentu.com.br\/site\/wp-json\/wp\/v2\/media?parent=413"}],"wp:term":[{"taxonomy":"category","embeddable":true,"href":"https:\/\/numguentu.com.br\/site\/wp-json\/wp\/v2\/categories?post=413"},{"taxonomy":"post_tag","embeddable":true,"href":"https:\/\/numguentu.com.br\/site\/wp-json\/wp\/v2\/tags?post=413"}],"curies":[{"name":"wp","href":"https:\/\/api.w.org\/{rel}","templated":true}]}}