{"id":362,"date":"2025-08-17T18:56:22","date_gmt":"2025-08-17T18:56:22","guid":{"rendered":"https:\/\/numguentu.com.br\/site\/?p=362"},"modified":"2025-08-28T18:56:31","modified_gmt":"2025-08-28T18:56:31","slug":"numguentu-celebra-17-anos-de-historia-paixao-e-compromisso-social-em-festa-memoravel","status":"publish","type":"post","link":"https:\/\/numguentu.com.br\/site\/2025\/08\/17\/numguentu-celebra-17-anos-de-historia-paixao-e-compromisso-social-em-festa-memoravel\/","title":{"rendered":"NUMGUENTU CELEBRA 17 ANOS DE HIST\u00d3RIA, PAIX\u00c3O E COMPROMISSO SOCIAL EM FESTA MEMOR\u00c1VEL!"},"content":{"rendered":"<p style=\"text-align: justify;\"><span class=\"selected\">A Associa\u00e7\u00e3o Cultural e Esportiva Numguentu viveu um dia de pura alegria e celebra\u00e7\u00e3o no \u00faltimo dia 16 de agosto, quando sua sede se transformou no palco da t\u00e3o esperada <\/span><strong><span class=\"selected\">Festa de 17 Anos!<\/span><\/strong><span class=\"selected\"> O evento, que reuniu associados, amigos e apoiadores, foi um verdadeiro reflexo da energia e do esp\u00edrito comunit\u00e1rio que marcam a trajet\u00f3ria da nossa associa\u00e7\u00e3o.<\/span><\/p>\n<p style=\"text-align: justify;\"><span class=\"selected\">Desde as 11h da manh\u00e3, a sede do Numguentu, no Clube Lanif\u00edcio, pulsava com a presen\u00e7a de todos que vieram prestigiar mais um ano de conquistas. O clima era de confraterniza\u00e7\u00e3o e amizade, com um delicioso churrasco que uniu a todos em torno da mesa. As mesas de sinuca e os baralhos de truco garantiram a divers\u00e3o e a competi\u00e7\u00e3o saud\u00e1vel, mostrando que a uni\u00e3o tamb\u00e9m se faz na brincadeira.<\/span><\/p>\n<p style=\"text-align: justify;\"><span class=\"selected\">A trilha sonora ficou por conta do <\/span><strong><span class=\"selected\">DJ Elvis<\/span><\/strong><span class=\"selected\">, que assumiu as picapes a partir das 19h, transformando o ambiente em uma verdadeira pista de dan\u00e7a e embalando os presentes com muita m\u00fasica boa. Antes disso, o som j\u00e1 animava o local, criando a atmosfera perfeita para a celebra\u00e7\u00e3o.<\/span><\/p>\n<p style=\"text-align: justify;\"><strong><span class=\"selected\">17 Anos de Impacto em Santa Isabel<\/span><\/strong><\/p>\n<p style=\"text-align: justify;\"><span class=\"selected\">&#8220;Essa festa \u00e9 mais do que uma celebra\u00e7\u00e3o de anivers\u00e1rio; \u00e9 um reconhecimento de todo o trabalho que o Numguentu vem desenvolvendo h\u00e1 17 anos em Santa Isabel&#8221;, afirmou Laercio Maciel Junior, Presidente da Associa\u00e7\u00e3o. &#8220;\u00c9 a prova de que somos mais que um time de futebol ou um bloco de carnaval; somos uma fam\u00edlia que se dedica a projetos sociais, ao esporte e \u00e0 cultura, transformando a vida da nossa comunidade.&#8221;<\/span><\/p>\n<p style=\"text-align: justify;\"><span class=\"selected\">A Associa\u00e7\u00e3o Cultural e Esportiva Numguentu reitera seu compromisso em continuar sendo um pilar de apoio e desenvolvimento para Santa Isabel, mantendo a chama acesa de suas atividades e projetos. A Festa de 17 Anos foi um lembrete poderoso de que, com uni\u00e3o e dedica\u00e7\u00e3o, podemos alcan\u00e7ar grandes feitos.<\/span><\/p>\n<p style=\"text-align: justify;\"><strong><span class=\"selected\">Agradecemos a todos que fizeram parte dessa hist\u00f3ria e que nos ajudam a construir um futuro ainda mais brilhante! Rumo aos pr\u00f3ximos anos, sempre juntos!<\/span><\/strong><\/p>\n","protected":false},"excerpt":{"rendered":"<p>A Associa\u00e7\u00e3o Cultural e Esportiva Numguentu viveu um dia de pura alegria e celebra\u00e7\u00e3o no \u00faltimo dia 16 de agosto, quando sua sede se transformou no palco da t\u00e3o esperada Festa de 17 Anos! O evento, que reuniu associados, amigos e apoiadores, foi um verdadeiro reflexo da energia e do esp\u00edrito comunit\u00e1rio que marcam a&hellip; <br \/> <a class=\"button small blue\" href=\"https:\/\/numguentu.com.br\/site\/2025\/08\/17\/numguentu-celebra-17-anos-de-historia-paixao-e-compromisso-social-em-festa-memoravel\/\">Leia mais<\/a><\/p>\n","protected":false},"author":1,"featured_media":363,"comment_status":"closed","ping_status":"open","sticky":false,"template":"","format":"standard","meta":{"footnotes":""},"categories":[1],"tags":[],"class_list":["post-362","post","type-post","status-publish","format-standard","has-post-thumbnail","hentry","category-uncategorized"],"_links":{"self":[{"href":"https:\/\/numguentu.com.br\/site\/wp-json\/wp\/v2\/posts\/362","targetHints":{"allow":["GET"]}}],"collection":[{"href":"https:\/\/numguentu.com.br\/site\/wp-json\/wp\/v2\/posts"}],"about":[{"href":"https:\/\/numguentu.com.br\/site\/wp-json\/wp\/v2\/types\/post"}],"author":[{"embeddable":true,"href":"https:\/\/numguentu.com.br\/site\/wp-json\/wp\/v2\/users\/1"}],"replies":[{"embeddable":true,"href":"https:\/\/numguentu.com.br\/site\/wp-json\/wp\/v2\/comments?post=362"}],"version-history":[{"count":1,"href":"https:\/\/numguentu.com.br\/site\/wp-json\/wp\/v2\/posts\/362\/revisions"}],"predecessor-version":[{"id":364,"href":"https:\/\/numguentu.com.br\/site\/wp-json\/wp\/v2\/posts\/362\/revisions\/364"}],"wp:featuredmedia":[{"embeddable":true,"href":"https:\/\/numguentu.com.br\/site\/wp-json\/wp\/v2\/media\/363"}],"wp:attachment":[{"href":"https:\/\/numguentu.com.br\/site\/wp-json\/wp\/v2\/media?parent=362"}],"wp:term":[{"taxonomy":"category","embeddable":true,"href":"https:\/\/numguentu.com.br\/site\/wp-json\/wp\/v2\/categories?post=362"},{"taxonomy":"post_tag","embeddable":true,"href":"https:\/\/numguentu.com.br\/site\/wp-json\/wp\/v2\/tags?post=362"}],"curies":[{"name":"wp","href":"https:\/\/api.w.org\/{rel}","templated":true}]}}