{"id":303,"date":"2025-03-07T18:32:23","date_gmt":"2025-03-07T18:32:23","guid":{"rendered":"https:\/\/numguentu.com.br\/site\/?p=303"},"modified":"2025-03-07T18:32:23","modified_gmt":"2025-03-07T18:32:23","slug":"numguentu-emociona-santa-isabel-com-homenagem-a-nossa-senhora-aparecida-no-carnaval-2025","status":"publish","type":"post","link":"https:\/\/numguentu.com.br\/site\/2025\/03\/07\/numguentu-emociona-santa-isabel-com-homenagem-a-nossa-senhora-aparecida-no-carnaval-2025\/","title":{"rendered":"Numguentu emociona Santa Isabel com homenagem \u00e0 Nossa Senhora Aparecida no Carnaval 2025"},"content":{"rendered":"<p style=\"text-align: justify;\"><img loading=\"lazy\" decoding=\"async\" class=\"alignleft size-medium wp-image-308\" src=\"https:\/\/numguentu.com.br\/site\/wp-content\/uploads\/2025\/03\/carnaval-NG-2025-1-225x300.jpeg\" alt=\"\" width=\"225\" height=\"300\" srcset=\"https:\/\/numguentu.com.br\/site\/wp-content\/uploads\/2025\/03\/carnaval-NG-2025-1-225x300.jpeg 225w, https:\/\/numguentu.com.br\/site\/wp-content\/uploads\/2025\/03\/carnaval-NG-2025-1-768x1024.jpeg 768w, https:\/\/numguentu.com.br\/site\/wp-content\/uploads\/2025\/03\/carnaval-NG-2025-1-810x1080.jpeg 810w, https:\/\/numguentu.com.br\/site\/wp-content\/uploads\/2025\/03\/carnaval-NG-2025-1.jpeg 960w\" sizes=\"auto, (max-width: 225px) 100vw, 225px\" \/>Na noite de domingo (02\/03), o Bloco do Numguentu arrastou uma multid\u00e3o pela Avenida Rep\u00fablica, marcando de forma grandiosa sua terceira participa\u00e7\u00e3o no Carnaval de Santa Isabel. Com mais de 500 integrantes desfilando e milhares de pessoas acompanhando a passagem do bloco, o Numguentu proporcionou um espet\u00e1culo de f\u00e9, cultura e emo\u00e7\u00e3o, exaltando a devo\u00e7\u00e3o dos isabelenses por Nossa Senhora Aparecida.<\/p>\n<p style=\"text-align: justify;\">O desfile trouxe para a avenida elementos que simbolizam a f\u00e9 do povo isabelense, mostrando que a religiosidade pode ser expressa de muitas formas, inclusive atrav\u00e9s da arte e da cultura popular. As alegorias confeccionadas pela artista Cynthia Mariah deram ainda mais brilho ao desfile, com destaque para o vestido imponente da rainha do bloco e o manto de Nossa Senhora Aparecida, que foi carregado com emo\u00e7\u00e3o pela pequena Alice, filha do compositor do samba-enredo, Ded\u00e9 Melodia.<\/p>\n<p style=\"text-align: justify;\">O momento de f\u00e9 e devo\u00e7\u00e3o foi refor\u00e7ado pela presen\u00e7a especial do Padre Jaime Matheus, p\u00e1roco da Igreja Nossa Senhora Aparecida de Santa Isabel, que acompanhou o desfile e expressou sua felicidade em ver a cultura e a religiosidade se encontrando na avenida. A homenagem \u00e0 padroeira foi recebida com respeito e emo\u00e7\u00e3o pelo p\u00fablico, refor\u00e7ando os la\u00e7os de f\u00e9 que unem os isabelenses.<\/p>\n<p style=\"text-align: justify;\"><img loading=\"lazy\" decoding=\"async\" class=\"alignright size-medium wp-image-304\" src=\"https:\/\/numguentu.com.br\/site\/wp-content\/uploads\/2025\/03\/carnaval-NG-2025-2-300x225.jpeg\" alt=\"\" width=\"300\" height=\"225\" srcset=\"https:\/\/numguentu.com.br\/site\/wp-content\/uploads\/2025\/03\/carnaval-NG-2025-2-300x225.jpeg 300w, https:\/\/numguentu.com.br\/site\/wp-content\/uploads\/2025\/03\/carnaval-NG-2025-2-1024x768.jpeg 1024w, https:\/\/numguentu.com.br\/site\/wp-content\/uploads\/2025\/03\/carnaval-NG-2025-2-768x576.jpeg 768w, https:\/\/numguentu.com.br\/site\/wp-content\/uploads\/2025\/03\/carnaval-NG-2025-2-1536x1152.jpeg 1536w, https:\/\/numguentu.com.br\/site\/wp-content\/uploads\/2025\/03\/carnaval-NG-2025-2-2048x1536.jpeg 2048w, https:\/\/numguentu.com.br\/site\/wp-content\/uploads\/2025\/03\/carnaval-NG-2025-2-1440x1080.jpeg 1440w\" sizes=\"auto, (max-width: 300px) 100vw, 300px\" \/>A Bateria Muita Treta, comandada pelos mestres PH e Edson, deu o tom da festa, levantando o p\u00fablico com um ritmo contagiante e uma cad\u00eancia envolvente. O pulsar das caixas e surdos marcou o compasso do samba, garantindo a harmonia perfeita entre os ritmistas e os foli\u00f5es.<\/p>\n<p style=\"text-align: justify;\">Outro destaque do desfile foi o brilho e a eleg\u00e2ncia das musas do bloco. Dani Felix, a rainha da bateria, conduziu os ritmistas com carisma e muito samba no p\u00e9, transmitindo toda a energia e a paix\u00e3o pelo Carnaval. Ao seu lado, a passista Luane esbanjou talento e leveza, encantando o p\u00fablico com sua performance vibrante.<\/p>\n<p style=\"text-align: justify;\">Al\u00e9m do espet\u00e1culo na avenida, o Numguentu fez quest\u00e3o de incluir o p\u00fablico no desfile. Foram distribu\u00eddas bandeirinhas, bexigas vermelhas e brancas e folhetos com a letra do samba-enredo, o que fez com que a popula\u00e7\u00e3o presente participasse ativamente, cantando e vibrando junto com o bloco.<\/p>\n<p style=\"text-align: justify;\"><img loading=\"lazy\" decoding=\"async\" class=\"alignleft size-medium wp-image-305\" src=\"https:\/\/numguentu.com.br\/site\/wp-content\/uploads\/2025\/03\/carnaval-NG-2025-3-300x225.jpeg\" alt=\"\" width=\"300\" height=\"225\" srcset=\"https:\/\/numguentu.com.br\/site\/wp-content\/uploads\/2025\/03\/carnaval-NG-2025-3-300x225.jpeg 300w, https:\/\/numguentu.com.br\/site\/wp-content\/uploads\/2025\/03\/carnaval-NG-2025-3-1024x768.jpeg 1024w, https:\/\/numguentu.com.br\/site\/wp-content\/uploads\/2025\/03\/carnaval-NG-2025-3-768x576.jpeg 768w, https:\/\/numguentu.com.br\/site\/wp-content\/uploads\/2025\/03\/carnaval-NG-2025-3-1536x1152.jpeg 1536w, https:\/\/numguentu.com.br\/site\/wp-content\/uploads\/2025\/03\/carnaval-NG-2025-3-2048x1536.jpeg 2048w, https:\/\/numguentu.com.br\/site\/wp-content\/uploads\/2025\/03\/carnaval-NG-2025-3-1440x1080.jpeg 1440w\" sizes=\"auto, (max-width: 300px) 100vw, 300px\" \/>O presidente do Numguentu, La\u00e9rcio Maciel Junior, celebrou o sucesso do desfile e agradeceu a todos que tornaram essa noite inesquec\u00edvel. &#8220;Ver a avenida tomada de vermelho e branco, ouvir nossa comunidade cantando o samba com tanto orgulho e sentir essa energia incr\u00edvel foi algo indescrit\u00edvel. S\u00f3 temos gratid\u00e3o a todos que acreditaram e fizeram parte desse momento hist\u00f3rico.&#8221;<\/p>\n<p style=\"text-align: justify;\">J\u00e1 o diretor administrativo do Numguentu, Pablo Gomes, destacou os desafios enfrentados para colocar o bloco na avenida, mas refor\u00e7ou que cada esfor\u00e7o valeu a pena. &#8220;Organizar um desfile como esse exige muito trabalho e dedica\u00e7\u00e3o, mas quando vemos o resultado, percebemos que todo sacrif\u00edcio \u00e9 recompensado. O Numguentu est\u00e1 fazendo hist\u00f3ria no Carnaval de Santa Isabel e cada ano cresce mais. Isso nos motiva a seguir em frente e pensar ainda mais alto para o futuro.&#8221;<\/p>\n<p style=\"text-align: justify;\">Com mais um desfile memor\u00e1vel, o Numguentu se firma como um dos grandes destaques do Carnaval isabelense. Para acompanhar as pr\u00f3ximas a\u00e7\u00f5es da associa\u00e7\u00e3o e saber como fazer parte dessa fam\u00edlia, siga as redes sociais oficiais @numguentuoficial e acesse o site www.numguentu.com.br. O trabalho continua e muitas novidades est\u00e3o por vir!<\/p>\n<p><img loading=\"lazy\" decoding=\"async\" class=\"aligncenter size-large wp-image-307\" src=\"https:\/\/numguentu.com.br\/site\/wp-content\/uploads\/2025\/03\/carnaval-NG-2025-5-1024x576.jpeg\" alt=\"\" width=\"1024\" height=\"576\" srcset=\"https:\/\/numguentu.com.br\/site\/wp-content\/uploads\/2025\/03\/carnaval-NG-2025-5-1024x576.jpeg 1024w, https:\/\/numguentu.com.br\/site\/wp-content\/uploads\/2025\/03\/carnaval-NG-2025-5-300x169.jpeg 300w, https:\/\/numguentu.com.br\/site\/wp-content\/uploads\/2025\/03\/carnaval-NG-2025-5-768x432.jpeg 768w, https:\/\/numguentu.com.br\/site\/wp-content\/uploads\/2025\/03\/carnaval-NG-2025-5-1536x864.jpeg 1536w, https:\/\/numguentu.com.br\/site\/wp-content\/uploads\/2025\/03\/carnaval-NG-2025-5.jpeg 1600w\" sizes=\"auto, (max-width: 1024px) 100vw, 1024px\" \/><\/p>\n","protected":false},"excerpt":{"rendered":"<p>Na noite de domingo (02\/03), o Bloco do Numguentu arrastou uma multid\u00e3o pela Avenida Rep\u00fablica, marcando de forma grandiosa sua terceira participa\u00e7\u00e3o no Carnaval de Santa Isabel. Com mais de 500 integrantes desfilando e milhares de pessoas acompanhando a passagem do bloco, o Numguentu proporcionou um espet\u00e1culo de f\u00e9, cultura e emo\u00e7\u00e3o, exaltando a devo\u00e7\u00e3o&hellip; <br \/> <a class=\"button small blue\" href=\"https:\/\/numguentu.com.br\/site\/2025\/03\/07\/numguentu-emociona-santa-isabel-com-homenagem-a-nossa-senhora-aparecida-no-carnaval-2025\/\">Leia mais<\/a><\/p>\n","protected":false},"author":1,"featured_media":306,"comment_status":"closed","ping_status":"open","sticky":false,"template":"","format":"standard","meta":{"footnotes":""},"categories":[1],"tags":[],"class_list":["post-303","post","type-post","status-publish","format-standard","has-post-thumbnail","hentry","category-uncategorized"],"_links":{"self":[{"href":"https:\/\/numguentu.com.br\/site\/wp-json\/wp\/v2\/posts\/303","targetHints":{"allow":["GET"]}}],"collection":[{"href":"https:\/\/numguentu.com.br\/site\/wp-json\/wp\/v2\/posts"}],"about":[{"href":"https:\/\/numguentu.com.br\/site\/wp-json\/wp\/v2\/types\/post"}],"author":[{"embeddable":true,"href":"https:\/\/numguentu.com.br\/site\/wp-json\/wp\/v2\/users\/1"}],"replies":[{"embeddable":true,"href":"https:\/\/numguentu.com.br\/site\/wp-json\/wp\/v2\/comments?post=303"}],"version-history":[{"count":1,"href":"https:\/\/numguentu.com.br\/site\/wp-json\/wp\/v2\/posts\/303\/revisions"}],"predecessor-version":[{"id":309,"href":"https:\/\/numguentu.com.br\/site\/wp-json\/wp\/v2\/posts\/303\/revisions\/309"}],"wp:featuredmedia":[{"embeddable":true,"href":"https:\/\/numguentu.com.br\/site\/wp-json\/wp\/v2\/media\/306"}],"wp:attachment":[{"href":"https:\/\/numguentu.com.br\/site\/wp-json\/wp\/v2\/media?parent=303"}],"wp:term":[{"taxonomy":"category","embeddable":true,"href":"https:\/\/numguentu.com.br\/site\/wp-json\/wp\/v2\/categories?post=303"},{"taxonomy":"post_tag","embeddable":true,"href":"https:\/\/numguentu.com.br\/site\/wp-json\/wp\/v2\/tags?post=303"}],"curies":[{"name":"wp","href":"https:\/\/api.w.org\/{rel}","templated":true}]}}