{"id":185,"date":"2024-08-30T14:55:42","date_gmt":"2024-08-30T14:55:42","guid":{"rendered":"https:\/\/numguentu.com.br\/site\/?p=185"},"modified":"2025-02-11T15:13:54","modified_gmt":"2025-02-11T15:13:54","slug":"festa-de-16-anos-do-numguentu-atrai-mais-de-500-pessoas-e-arrecada-cerca-de-200kg-de-alimentos-para-o-fundo-social","status":"publish","type":"post","link":"https:\/\/numguentu.com.br\/site\/2024\/08\/30\/festa-de-16-anos-do-numguentu-atrai-mais-de-500-pessoas-e-arrecada-cerca-de-200kg-de-alimentos-para-o-fundo-social\/","title":{"rendered":"Festa de 16 anos do Numguentu atrai mais de 500 pessoas e arrecada cerca de 200KG DE alimentos para o Fundo Social"},"content":{"rendered":"<p style=\"text-align: justify;\" data-start=\"176\" data-end=\"309\">A festa de 16 anos do Numguentu, realizada no \u00faltimo s\u00e1bado (17), se firmou como um dos grandes encontros de uni\u00e3o e solidariedade.<\/p>\n<p style=\"text-align: justify;\" data-start=\"311\" data-end=\"532\">O evento, organizado pela intensa participa\u00e7\u00e3o dos pr\u00f3prios integrantes da associa\u00e7\u00e3o, foi um sucesso. Mais de 500 pessoas passaram pelo espa\u00e7o da celebra\u00e7\u00e3o, que contou com m\u00fasica, arte, solidariedade e muita divers\u00e3o.<\/p>\n<p style=\"text-align: justify;\" data-start=\"534\" data-end=\"719\">O momento mais aguardado da noite foi a inaugura\u00e7\u00e3o da nova identidade visual da associa\u00e7\u00e3o, que agora ostenta um escudo repaginado, mas que mant\u00e9m as ra\u00edzes da hist\u00f3ria do Numguentu.<\/p>\n<p style=\"text-align: justify;\" data-start=\"721\" data-end=\"1036\">Entre as atra\u00e7\u00f5es musicais, o evento contou com shows de artistas locais, como DJ Bira, Fabio Resplendor, Black Elvis e a Bateria Muita Treta, que animou os convidados com muito samba e percuss\u00e3o. Al\u00e9m disso, a festa tamb\u00e9m teve apresenta\u00e7\u00f5es culturais e art\u00edsticas, trazendo ainda mais brilho para a comemora\u00e7\u00e3o.<\/p>\n<p style=\"text-align: justify;\" data-start=\"1038\" data-end=\"1296\">A a\u00e7\u00e3o social foi um dos pontos altos da noite. Cerca de <strong data-start=\"1095\" data-end=\"1122\">200 quilos de alimentos<\/strong> foram arrecadados e ser\u00e3o destinados ao Fundo Social de Solidariedade de Santa Isabel, refor\u00e7ando o compromisso da associa\u00e7\u00e3o com a comunidade e aqueles que mais precisam.<\/p>\n<p style=\"text-align: justify;\" data-start=\"1298\" data-end=\"1461\">As exposi\u00e7\u00f5es de grafite, artesanato e outras formas de express\u00e3o art\u00edstica tamb\u00e9m foram um diferencial do evento, mostrando a for\u00e7a da cultura urbana na regi\u00e3o.<\/p>\n<p style=\"text-align: justify;\" data-start=\"1463\" data-end=\"1647\">Al\u00e9m disso, a noite contou com um momento especial de homenagem a figuras importantes da trajet\u00f3ria do Numguentu, que contribu\u00edram para o crescimento da associa\u00e7\u00e3o ao longo dos anos.<\/p>\n<p style=\"text-align: justify;\" data-start=\"1649\" data-end=\"1818\">A prefeita de Santa Isabel, F\u00e1bia Porto, marcou presen\u00e7a no evento, refor\u00e7ando a import\u00e2ncia da associa\u00e7\u00e3o para a cidade e parabenizando a organiza\u00e7\u00e3o pela iniciativa.<\/p>\n<p style=\"text-align: justify;\" data-start=\"1820\" data-end=\"2068\">O Numguentu se consolida cada vez mais como uma refer\u00eancia em esportes, cultura e a\u00e7\u00e3o social em Santa Isabel. Mais do que uma associa\u00e7\u00e3o, \u00e9 uma fam\u00edlia que cresce a cada ano, sempre pautada pelo compromisso com a comunidade e pelo amor \u00e0 cidade.<\/p>\n<p style=\"text-align: justify;\" data-start=\"2070\" data-end=\"2260\" data-is-last-node=\"\">O sucesso do evento mostra que o Numguentu segue firme em seu prop\u00f3sito de transformar vidas atrav\u00e9s do esporte, da cultura e da solidariedade, construindo um futuro cada vez mais promissor.<\/p>\n","protected":false},"excerpt":{"rendered":"<p>A festa de 16 anos do Numguentu, realizada no \u00faltimo s\u00e1bado (17), se firmou como um dos grandes encontros de uni\u00e3o e solidariedade. O evento, organizado pela intensa participa\u00e7\u00e3o dos pr\u00f3prios integrantes da associa\u00e7\u00e3o, foi um sucesso. Mais de 500 pessoas passaram pelo espa\u00e7o da celebra\u00e7\u00e3o, que contou com m\u00fasica, arte, solidariedade e muita divers\u00e3o.&hellip; <br \/> <a class=\"button small blue\" href=\"https:\/\/numguentu.com.br\/site\/2024\/08\/30\/festa-de-16-anos-do-numguentu-atrai-mais-de-500-pessoas-e-arrecada-cerca-de-200kg-de-alimentos-para-o-fundo-social\/\">Leia mais<\/a><\/p>\n","protected":false},"author":1,"featured_media":197,"comment_status":"closed","ping_status":"open","sticky":false,"template":"","format":"standard","meta":{"footnotes":""},"categories":[1],"tags":[],"class_list":["post-185","post","type-post","status-publish","format-standard","has-post-thumbnail","hentry","category-uncategorized"],"_links":{"self":[{"href":"https:\/\/numguentu.com.br\/site\/wp-json\/wp\/v2\/posts\/185","targetHints":{"allow":["GET"]}}],"collection":[{"href":"https:\/\/numguentu.com.br\/site\/wp-json\/wp\/v2\/posts"}],"about":[{"href":"https:\/\/numguentu.com.br\/site\/wp-json\/wp\/v2\/types\/post"}],"author":[{"embeddable":true,"href":"https:\/\/numguentu.com.br\/site\/wp-json\/wp\/v2\/users\/1"}],"replies":[{"embeddable":true,"href":"https:\/\/numguentu.com.br\/site\/wp-json\/wp\/v2\/comments?post=185"}],"version-history":[{"count":1,"href":"https:\/\/numguentu.com.br\/site\/wp-json\/wp\/v2\/posts\/185\/revisions"}],"predecessor-version":[{"id":186,"href":"https:\/\/numguentu.com.br\/site\/wp-json\/wp\/v2\/posts\/185\/revisions\/186"}],"wp:featuredmedia":[{"embeddable":true,"href":"https:\/\/numguentu.com.br\/site\/wp-json\/wp\/v2\/media\/197"}],"wp:attachment":[{"href":"https:\/\/numguentu.com.br\/site\/wp-json\/wp\/v2\/media?parent=185"}],"wp:term":[{"taxonomy":"category","embeddable":true,"href":"https:\/\/numguentu.com.br\/site\/wp-json\/wp\/v2\/categories?post=185"},{"taxonomy":"post_tag","embeddable":true,"href":"https:\/\/numguentu.com.br\/site\/wp-json\/wp\/v2\/tags?post=185"}],"curies":[{"name":"wp","href":"https:\/\/api.w.org\/{rel}","templated":true}]}}