{"id":1,"date":"2025-02-05T20:33:22","date_gmt":"2025-02-05T20:33:22","guid":{"rendered":"https:\/\/numguentu.com.br\/site\/?p=1"},"modified":"2025-02-07T21:52:13","modified_gmt":"2025-02-07T21:52:13","slug":"numguentu-carnval-2025","status":"publish","type":"post","link":"https:\/\/numguentu.com.br\/site\/2025\/02\/05\/numguentu-carnval-2025\/","title":{"rendered":"Numguentu leva a f\u00e9 e a devo\u00e7\u00e3o \u00e0 Nossa Senhora Aparecida para a avenida no Carnaval 2025"},"content":{"rendered":"\r\n<p style=\"text-align: justify;\"><img loading=\"lazy\" decoding=\"async\" class=\"alignleft size-medium wp-image-176\" src=\"https:\/\/numguentu.com.br\/site\/wp-content\/uploads\/2025\/02\/BLOCO-NUMGUENTU-BATERIA-MUITA-TRETA-3-300x169.jpeg\" alt=\"\" width=\"300\" height=\"169\" srcset=\"https:\/\/numguentu.com.br\/site\/wp-content\/uploads\/2025\/02\/BLOCO-NUMGUENTU-BATERIA-MUITA-TRETA-3-300x169.jpeg 300w, https:\/\/numguentu.com.br\/site\/wp-content\/uploads\/2025\/02\/BLOCO-NUMGUENTU-BATERIA-MUITA-TRETA-3-1024x576.jpeg 1024w, https:\/\/numguentu.com.br\/site\/wp-content\/uploads\/2025\/02\/BLOCO-NUMGUENTU-BATERIA-MUITA-TRETA-3-768x432.jpeg 768w, https:\/\/numguentu.com.br\/site\/wp-content\/uploads\/2025\/02\/BLOCO-NUMGUENTU-BATERIA-MUITA-TRETA-3-1536x864.jpeg 1536w, https:\/\/numguentu.com.br\/site\/wp-content\/uploads\/2025\/02\/BLOCO-NUMGUENTU-BATERIA-MUITA-TRETA-3-2048x1152.jpeg 2048w, https:\/\/numguentu.com.br\/site\/wp-content\/uploads\/2025\/02\/BLOCO-NUMGUENTU-BATERIA-MUITA-TRETA-3-1920x1080.jpeg 1920w\" sizes=\"auto, (max-width: 300px) 100vw, 300px\" \/>Santa Isabel, [Fev\/2025] \u2013 O Numguentu, fundado em 2008 e transformado em associa\u00e7\u00e3o cultural e esportiva em 2025, promete um desfile emocionante e cheio de f\u00e9 no Carnaval de 2025. No seu terceiro ano como Bloco de Carnaval, esse ano traz para Santa Isabel um Samba dedicado \u00e0 Nossa Senhora Aparecida, o bloco levar\u00e1 para a avenida a devo\u00e7\u00e3o que marca a cidade e inspira seus moradores.<\/p>\r\n<p style=\"text-align: justify;\">A ideia de homenagear a padroeira surgiu do compositor Ded\u00e9 Melodia, que h\u00e1 quatro anos reside em Santa Isabel. Ao perceber a profunda f\u00e9 do povo isabelense em Nossa Senhora Aparecida, o m\u00fasico se inspirou para criar um samba que celebrasse essa devo\u00e7\u00e3o. A letra, que exalta a f\u00e9, a esperan\u00e7a e a devo\u00e7\u00e3o \u00e0 Nossa Senhora Aparecida, foi apresentada \u00e0 diretoria do Numguentu e aprovada por unanimidade. Em um gesto de respeito e gratid\u00e3o, a diretoria do bloco levou a letra do samba para o Padre Jaime Matheus, p\u00e1roco da Igreja Nossa Senhora Aparecida de Santa Isabel. O padre, emocionado com a homenagem, aben\u00e7oou o projeto e desejou um carnaval de paz e alegria para todos, al\u00e9m de garantir que ir\u00e1 prestigiar o desfile na Avenida.<\/p>\r\n<p style=\"text-align: justify;\">\u201cA energia do carnaval e a f\u00e9 do nosso povo s\u00e3o duas for\u00e7as que se encontram nesse desfile. Ser\u00e1 uma grande homenagem, cheia de emo\u00e7\u00e3o e respeito\u201d, destaca La\u00e9rcio, presidente do Numguentu.<\/p>\r\n<p style=\"text-align: justify;\"><img loading=\"lazy\" decoding=\"async\" class=\"alignright wp-image-177 \" src=\"https:\/\/numguentu.com.br\/site\/wp-content\/uploads\/2025\/02\/BLOCO-NUMGUENTU-BATERIA-MUITA-TRETA-9-576x1024.jpeg\" alt=\"\" width=\"292\" height=\"519\" srcset=\"https:\/\/numguentu.com.br\/site\/wp-content\/uploads\/2025\/02\/BLOCO-NUMGUENTU-BATERIA-MUITA-TRETA-9-576x1024.jpeg 576w, https:\/\/numguentu.com.br\/site\/wp-content\/uploads\/2025\/02\/BLOCO-NUMGUENTU-BATERIA-MUITA-TRETA-9-169x300.jpeg 169w, https:\/\/numguentu.com.br\/site\/wp-content\/uploads\/2025\/02\/BLOCO-NUMGUENTU-BATERIA-MUITA-TRETA-9-768x1365.jpeg 768w, https:\/\/numguentu.com.br\/site\/wp-content\/uploads\/2025\/02\/BLOCO-NUMGUENTU-BATERIA-MUITA-TRETA-9-864x1536.jpeg 864w, https:\/\/numguentu.com.br\/site\/wp-content\/uploads\/2025\/02\/BLOCO-NUMGUENTU-BATERIA-MUITA-TRETA-9-1152x2048.jpeg 1152w, https:\/\/numguentu.com.br\/site\/wp-content\/uploads\/2025\/02\/BLOCO-NUMGUENTU-BATERIA-MUITA-TRETA-9-1024x1820.jpeg 1024w, https:\/\/numguentu.com.br\/site\/wp-content\/uploads\/2025\/02\/BLOCO-NUMGUENTU-BATERIA-MUITA-TRETA-9-608x1080.jpeg 608w, https:\/\/numguentu.com.br\/site\/wp-content\/uploads\/2025\/02\/BLOCO-NUMGUENTU-BATERIA-MUITA-TRETA-9-scaled.jpeg 1440w\" sizes=\"auto, (max-width: 292px) 100vw, 292px\" \/>No domingo de carnaval, dia 02 de mar\u00e7o, a partir das 21h, na Avenida da Rep\u00fablica, em Santa Isabel, o Numguentu levar\u00e1 para as ruas a beleza e a riqueza da cultura popular, celebrando a f\u00e9 e a tradi\u00e7\u00e3o. A bateria, a comiss\u00e3o de frente e as alas trar\u00e3o para a avenida a emo\u00e7\u00e3o da devo\u00e7\u00e3o \u00e0 Nossa Senhora Aparecida. O bloco tamb\u00e9m contar\u00e1 com a participa\u00e7\u00e3o de diversos artistas isabelenses, que chegam para se juntar ao Numguentu e levar uma grande festa para a avenida.<\/p>\r\n<p style=\"text-align: justify;\">E tem mais uma novidade: em breve, o samba-enredo do Numguentu estar\u00e1 dispon\u00edvel em todas as plataformas de \u00e1udio, como Spotify e Deezer, al\u00e9m de tamb\u00e9m estar no Instagram para uso em postagens e stories, permitindo que todos possam compartilhar e celebrar essa homenagem especial.<\/p>\r\n<p style=\"text-align: justify;\">\u201cFoi emocionante compor esse samba e ver a receptividade de todos. \u00c9 uma grande honra transformar a f\u00e9 do nosso povo em m\u00fasica\u201d, afirma Ded\u00e9 Melodia, compositor do samba-enredo.<\/p>\r\n<p style=\"text-align: justify;\">Venha fazer parte dessa festa e vivenciar a emo\u00e7\u00e3o da nossa homenagem \u00e0 Nossa Senhora Aparecida!<\/p>\r\n<p style=\"text-align: justify;\">O Numguentu convida a todos para celebrar o carnaval com f\u00e9 e alegria e agradece aos parceiros e apoiadores, que ajudam a realizar n\u00e3o apenas esse desfile inesquec\u00edvel, mas tamb\u00e9m diversas outras a\u00e7\u00f5es de grande impacto para o munic\u00edpio. Sem esse apoio, nada disso seria poss\u00edvel!<\/p>\r\n<p style=\"text-align: justify;\">\u00a0<\/p>\r\n<p style=\"text-align: justify;\"><strong>Servi\u00e7o<\/strong><\/p>\r\n<ul style=\"text-align: justify;\">\r\n<li>O qu\u00ea: Desfile do Bloco Numguentu com o enredo dedicado a Nossa Senhora Aparecida<br \/>\u2022 Quando: Domingo, 02 de mar\u00e7o de 2025, a partir das 21h<br \/>\u2022 Onde: Avenida da Rep\u00fablica, Santa Isabel<br \/>\u2022 Mais informa\u00e7\u00f5es: @numguentuoficial<\/li>\r\n<\/ul>\r\n<p style=\"text-align: justify;\">\u00a0<\/p>\r\n<p style=\"text-align: justify;\">\u00a0<\/p>\r\n","protected":false},"excerpt":{"rendered":"<p>Santa Isabel, [Fev\/2025] \u2013 O Numguentu, fundado em 2008 e transformado em associa\u00e7\u00e3o cultural e esportiva em 2025, promete um desfile emocionante e cheio de f\u00e9 no Carnaval de 2025. No seu terceiro ano como Bloco de Carnaval, esse ano traz para Santa Isabel um Samba dedicado \u00e0 Nossa Senhora Aparecida, o bloco levar\u00e1 para&hellip; <br \/> <a class=\"button small blue\" href=\"https:\/\/numguentu.com.br\/site\/2025\/02\/05\/numguentu-carnval-2025\/\">Leia mais<\/a><\/p>\n","protected":false},"author":1,"featured_media":176,"comment_status":"open","ping_status":"open","sticky":false,"template":"","format":"standard","meta":{"footnotes":""},"categories":[1],"tags":[],"class_list":["post-1","post","type-post","status-publish","format-standard","has-post-thumbnail","hentry","category-uncategorized"],"_links":{"self":[{"href":"https:\/\/numguentu.com.br\/site\/wp-json\/wp\/v2\/posts\/1","targetHints":{"allow":["GET"]}}],"collection":[{"href":"https:\/\/numguentu.com.br\/site\/wp-json\/wp\/v2\/posts"}],"about":[{"href":"https:\/\/numguentu.com.br\/site\/wp-json\/wp\/v2\/types\/post"}],"author":[{"embeddable":true,"href":"https:\/\/numguentu.com.br\/site\/wp-json\/wp\/v2\/users\/1"}],"replies":[{"embeddable":true,"href":"https:\/\/numguentu.com.br\/site\/wp-json\/wp\/v2\/comments?post=1"}],"version-history":[{"count":2,"href":"https:\/\/numguentu.com.br\/site\/wp-json\/wp\/v2\/posts\/1\/revisions"}],"predecessor-version":[{"id":178,"href":"https:\/\/numguentu.com.br\/site\/wp-json\/wp\/v2\/posts\/1\/revisions\/178"}],"wp:featuredmedia":[{"embeddable":true,"href":"https:\/\/numguentu.com.br\/site\/wp-json\/wp\/v2\/media\/176"}],"wp:attachment":[{"href":"https:\/\/numguentu.com.br\/site\/wp-json\/wp\/v2\/media?parent=1"}],"wp:term":[{"taxonomy":"category","embeddable":true,"href":"https:\/\/numguentu.com.br\/site\/wp-json\/wp\/v2\/categories?post=1"},{"taxonomy":"post_tag","embeddable":true,"href":"https:\/\/numguentu.com.br\/site\/wp-json\/wp\/v2\/tags?post=1"}],"curies":[{"name":"wp","href":"https:\/\/api.w.org\/{rel}","templated":true}]}}